{"id":6134,"date":"2025-03-17T20:20:12","date_gmt":"2025-03-17T20:20:12","guid":{"rendered":"https:\/\/aipix.ai\/blog\/?p=6134"},"modified":"2025-12-20T13:05:54","modified_gmt":"2025-12-20T13:05:54","slug":"aipix-at-mwc-2025-in-interview-insights-networking-and-the-future-of-vsaas","status":"publish","type":"post","link":"https:\/\/aipix.ai\/blog\/en\/aipix-at-mwc-2025-in-interview-insights-networking-and-the-future-of-vsaas\/","title":{"rendered":"Aipix at MWC 2025 in Interview: Insights, Networking, and the Future of VSaaS"},"content":{"rendered":"\n<h1 class=\"wp-block-heading\">Inside MWC 2025: Aipix on Insights, Networking, and VSaaS Innovation<\/h1>\n\n\n\n<div style=\"height:38px\" aria-hidden=\"true\" class=\"wp-block-spacer\"><\/div>\n\n\n  \r\n<style>\r\n  .wpj-jtoc.--jtoc-theme-original.--jtoc-has-custom-styles {\r\n      --jtoc-numeration-suffix: \". \";    }\r\n          .wpj-jtoc.--jtoc-theme-original.--jtoc-has-custom-styles {\r\n      --jtoc-hierarchy-offset: 15px;\n--jtoc-background-color: #efefef;\n--jtoc-toc-box-shadow: 0 0 16px #c2c2c280;\n--jtoc-title-color: #000000;\n--jtoc-toggle-color: rgba(22,249,211,0.92);\n--jtoc-link-margin: 0 0 5px 0;\n--jtoc-link-font-size: 125%;    }<\/style>\r\n\r\n<div id=\"wpj-jtoc\" class=\"wpj-jtoc wpj-jtoc--main --jtoc-the-content --jtoc-theme-original --jtoc-title-align-left --jtoc-toggle-icon --jtoc-toggle-position-right --jtoc-toggle-1 --jtoc-has-numeration --jtoc-has-custom-styles --jtoc-is-unfolded\" >\r\n  <!-- TOC -->\r\n  <div class=\"wpj-jtoc--toc \" >\r\n              <div class=\"wpj-jtoc--header\">\r\n        <div class=\"wpj-jtoc--header-main\">\r\n                    <div class=\"wpj-jtoc--title\">\r\n                        <span class=\"wpj-jtoc--title-label\">Table of contents<\/span>\r\n          <\/div>\r\n                                <div class=\"wpj-jtoc--toggle-wrap\">\r\n                                                          <div class=\"wpj-jtoc--toggle-box\">\r\n                  <div class=\"wpj-jtoc--toggle\"><\/div>\r\n                <\/div>\r\n                          <\/div>\r\n                  <\/div>\r\n      <\/div>\r\n            <div class=\"wpj-jtoc--body\">\r\n            <nav class=\"wpj-jtoc--nav\">\r\n        <ol class=\"wpj-jtoc--items\"><li class=\"wpj-jtoc--item --jtoc-h2\">\r\n        <div class=\"wpj-jtoc--item-content\" data-depth=\"2\">\r\n                        <a href=\"#aipix-at-mwc-2025-interview-from-the-event-a-hub-of-innovation-and-opportunity\" title=\"Aipix at MWC 2025 Interview From the Event: A Hub of Innovation and Opportunity\" data-numeration=\"1\" >Aipix at MWC 2025 Interview From the Event: A Hub of Innovation and Opportunity<\/a>\r\n                    <\/div><\/li><li class=\"wpj-jtoc--item --jtoc-h2\">\r\n        <div class=\"wpj-jtoc--item-content\" data-depth=\"2\">\r\n                        <a href=\"#the-most-exciting-exhibits-at-mwc-2025\" title=\"The Most Exciting Exhibits at MWC 2025\" data-numeration=\"2\" >The Most Exciting Exhibits at MWC 2025<\/a>\r\n                    <\/div><\/li><li class=\"wpj-jtoc--item --jtoc-h2\">\r\n        <div class=\"wpj-jtoc--item-content\" data-depth=\"2\">\r\n                        <a href=\"#the-value-of-face-to-face-business-interactions\" title=\"The Value of Face-to-Face Business Interactions\" data-numeration=\"3\" >The Value of Face-to-Face Business Interactions<\/a>\r\n                    <\/div><\/li><li class=\"wpj-jtoc--item --jtoc-h2\">\r\n        <div class=\"wpj-jtoc--item-content\" data-depth=\"2\">\r\n                        <a href=\"#networking-opportunities-and-aipixs-expansion\" title=\"Networking Opportunities and Aipix\u2019s Expansion\" data-numeration=\"4\" >Networking Opportunities and Aipix\u2019s Expansion<\/a>\r\n                    <\/div><\/li><li class=\"wpj-jtoc--item --jtoc-h2\">\r\n        <div class=\"wpj-jtoc--item-content\" data-depth=\"2\">\r\n                        <a href=\"#innovations-that-stood-out-at-mwc-2025\" title=\"Innovations That Stood Out at MWC 2025\" data-numeration=\"5\" >Innovations That Stood Out at MWC 2025<\/a>\r\n                    <\/div><\/li><li class=\"wpj-jtoc--item --jtoc-h2\">\r\n        <div class=\"wpj-jtoc--item-content\" data-depth=\"2\">\r\n                        <a href=\"#the-impact-of-mwc-on-aipixs-growth\" title=\"The Impact of MWC on Aipix\u2019s Growth\" data-numeration=\"6\" >The Impact of MWC on Aipix\u2019s Growth<\/a>\r\n                    <\/div><\/li><li class=\"wpj-jtoc--item --jtoc-h2\">\r\n        <div class=\"wpj-jtoc--item-content\" data-depth=\"2\">\r\n                        <a href=\"#looking-ahead-aipixs-future-plans\" title=\"Looking Ahead: Aipix\u2019s Future Plans\" data-numeration=\"7\" >Looking Ahead: Aipix\u2019s Future Plans<\/a>\r\n                    <\/div><\/li><\/ol>      <\/nav>\r\n          <\/div>\r\n      <\/div>\r\n<\/div>\r\n\n\n\n<div style=\"height:38px\" aria-hidden=\"true\" class=\"wp-block-spacer\"><\/div>\n\n\n\n<p>The <a href=\"https:\/\/www.mwcbarcelona.com\">Mobile World Congress (MWC) 2025<\/a> in Barcelona was an unmissable event for Aipix. As a leading provider of cloud-based video surveillance solutions for telecom operators and internet providers, we attended to explore the latest technological advancements, build new business relationships, and showcase the potential of our platform in global markets. Our participation not only strengthened our industry presence but also opened new doors in strategic regions, particularly Latin America. Today we highlighted some essential insights in brief Aipix at MWC 2025 interview podcast.<\/p>\n\n\n\n<div style=\"height:38px\" aria-hidden=\"true\" class=\"wp-block-spacer\"><\/div>\n\n\n\n<p>Following the event, we sat down with <a href=\"https:\/\/aipix.ai\/blog\/en\/aipix-at-mwc-barcelona-2025-shaping-the-future-of-telecom-innovations\/\">Sebastian Jimenez, a key member of our team who attended MWC 2025<\/a>, to discuss his experience, insights, and the impact of the event on Aipix\u2019s expansion plans. Join to the discussion were Sebastian Jimenez, Anastasia Volchok, as a Marketing Manager at Aipix, and <a href=\"https:\/\/www.linkedin.com\/in\/alexkarpenka\/\">Alex Karpenko, Business Development Manager, <\/a>who brought essential questions to the conversation, leading to some eye-opening takeaways.<\/p>\n\n\n\n<figure class=\"wp-block-embed is-type-video is-provider-youtube wp-block-embed-youtube wp-embed-aspect-16-9 wp-has-aspect-ratio\"><div class=\"wp-block-embed__wrapper\">\n<iframe title=\"Aipix Reflects on MWC25: Smart Devices, AI &amp; Connectivity Trends | Aipix VAS Platform for Telcos\" width=\"770\" height=\"433\" src=\"https:\/\/www.youtube.com\/embed\/hpmcktsJvyI?feature=oembed\" frameborder=\"0\" allow=\"accelerometer; autoplay; clipboard-write; encrypted-media; gyroscope; picture-in-picture; web-share\" referrerpolicy=\"strict-origin-when-cross-origin\" allowfullscreen><\/iframe>\n<\/div><\/figure>\n\n\n\n<h2 class=\"wp-block-heading joli-heading jtoc-heading\" id=\"aipix-at-mwc-2025-interview-from-the-event-a-hub-of-innovation-and-opportunity\">Aipix at MWC 2025 Interview From the Event: A Hub of Innovation and Opportunity<\/h2>\n\n\n\n<div style=\"height:38px\" aria-hidden=\"true\" class=\"wp-block-spacer\"><\/div>\n\n\n\n<p><strong>Anastassia:<\/strong>\u00a0<em>Today, we\u2019re diving into one of the biggest tech events of the year\u2014MWC 2025 in Barcelona. We have <a href=\"https:\/\/www.linkedin.com\/in\/sebastianjpg\/\">Sebasti\u00e1n Jim\u00e9nez, Business Development Director LATAM <\/a>with us, who had the incredible opportunity to attend, network, and explore cutting-edge technologies. Sebastian, how would you rate your overall experience at MWC?<\/em><\/p>\n\n\n\n<div style=\"height:38px\" aria-hidden=\"true\" class=\"wp-block-spacer\"><\/div>\n\n\n\n<p><strong>Sebastian:<\/strong>\u00a0 <em>Representing Aipix at MWC was an amazing experience. On a scale from 1 to 10, I\u2019d give it an 8 or 9. The event itself was a perfect 10\u2014huge, dynamic, and filled with groundbreaking innovations. I walked over 35,000 steps each day just exploring! What stood out the most for me was the chance to meet decision-makers from Latin America, our key target market. Speaking with them in Spanish made the conversations even more productive. Overall, the networking and tech exposure made this an outstanding experience.<\/em><\/p>\n\n\n\n<div style=\"height:38px\" aria-hidden=\"true\" class=\"wp-block-spacer\"><\/div>\n\n\n\n<h2 class=\"wp-block-heading joli-heading jtoc-heading\" id=\"the-most-exciting-exhibits-at-mwc-2025\">The Most Exciting Exhibits at MWC 2025<\/h2>\n\n\n\n<div style=\"height:38px\" aria-hidden=\"true\" class=\"wp-block-spacer\"><\/div>\n\n\n\n<p><strong>Anastassia:<\/strong>\u00a0<em>Aside from networking, did you visit any specific exhibits or sessions that left a lasting impression?<\/em><\/p>\n\n\n\n<div style=\"height:38px\" aria-hidden=\"true\" class=\"wp-block-spacer\"><\/div>\n\n\n\n<p><strong>Sebastian:<\/strong>\u00a0<em>Definitely! From a general tech perspective, the presence of Huawei and Xiaomi was incredible. Their exhibits were enormous, showcasing cutting-edge devices and innovations. But from an industry standpoint, what really caught my attention was the participation of Mexican ISPs expanding their services into the European market. Seeing them compete at such a global level was inspiring and highlighted how rapidly the telecom industry is evolving.<\/em><\/p>\n\n\n\n<div style=\"height:38px\" aria-hidden=\"true\" class=\"wp-block-spacer\"><\/div>\n\n\n\n<h2 class=\"wp-block-heading joli-heading jtoc-heading\" id=\"the-value-of-face-to-face-business-interactions\">The Value of Face-to-Face Business Interactions<\/h2>\n\n\n\n<div style=\"height:38px\" aria-hidden=\"true\" class=\"wp-block-spacer\"><\/div>\n\n\n\n<p><strong>Alexander:<\/strong>\u00a0<em>With all the advancements in digital communication, do you think face-to-face interaction is still the best way to establish business partnerships?<\/em><\/p>\n\n\n\n<div style=\"height:38px\" aria-hidden=\"true\" class=\"wp-block-spacer\"><\/div>\n\n\n\n<p><strong>Sebastian:<\/strong>\u00a0<em>Without a doubt. While virtual meetings and emails are useful, nothing replaces personal interaction. MWC provided the perfect setting to meet clients and partners face-to-face. Many of them had only known me through email or calls, and finally meeting in person solidified our relationships. Being physically present sends a strong message about commitment and trust, which are crucial in business.<\/em><\/p>\n\n\n\n<div style=\"height:38px\" aria-hidden=\"true\" class=\"wp-block-spacer\"><\/div>\n\n\n\n<h2 class=\"wp-block-heading joli-heading jtoc-heading\" id=\"networking-opportunities-and-aipixs-expansion\">Networking Opportunities and Aipix\u2019s Expansion<\/h2>\n\n\n\n<div style=\"height:38px\" aria-hidden=\"true\" class=\"wp-block-spacer\"><\/div>\n\n\n\n<p><strong>Anastassia:<\/strong>\u00a0<em>How would you describe the networking opportunities at MWC?<\/em><\/p>\n\n\n\n<div style=\"height:38px\" aria-hidden=\"true\" class=\"wp-block-spacer\"><\/div>\n\n\n\n<p><strong>Sebastian:<\/strong>\u00a0<em>They were excellent! Latin American companies came to Europe eager to showcase their capabilities, and I was there with the same energy, introducing Aipix\u2019s solutions. Speaking Spanish created an immediate connection, making conversations smoother and more productive. Events like MWC are vital because they help businesses see the mutual value in partnerships, which can lead to long-term collaborations.<\/em><\/p>\n\n\n\n<div style=\"height:38px\" aria-hidden=\"true\" class=\"wp-block-spacer\"><\/div>\n\n\n\n<h2 class=\"wp-block-heading joli-heading jtoc-heading\" id=\"innovations-that-stood-out-at-mwc-2025\">Innovations That Stood Out at MWC 2025<\/h2>\n\n\n\n<div style=\"height:38px\" aria-hidden=\"true\" class=\"wp-block-spacer\"><\/div>\n\n\n\n<p><strong>Anastassia:<\/strong>\u00a0<em>Were there any innovations or discussions that particularly impressed you?<\/em><\/p>\n\n\n\n<div style=\"height:38px\" aria-hidden=\"true\" class=\"wp-block-spacer\"><\/div>\n\n\n\n<p><strong>Sebastian:<\/strong>\u00a0<em>Absolutely! AI and robotics were at the forefront, with AI-driven robots interacting with people almost like humans. Beyond that, I had deep conversations with telecom professionals who\u2019ve been in the industry for over 20 years. While some of the technical discussions were quite advanced, what stood out was how well they understood Aipix\u2019s platform and the immense value we bring to the Latin American market. Security solutions are in high demand there, and our VSaaS offering aligns perfectly with market needs.<\/em><\/p>\n\n\n\n<div style=\"height:38px\" aria-hidden=\"true\" class=\"wp-block-spacer\"><\/div>\n\n\n\n<h2 class=\"wp-block-heading joli-heading jtoc-heading\" id=\"the-impact-of-mwc-on-aipixs-growth\">The Impact of MWC on Aipix\u2019s Growth<\/h2>\n\n\n\n<div style=\"height:38px\" aria-hidden=\"true\" class=\"wp-block-spacer\"><\/div>\n\n\n\n<p><strong>Alexander:<\/strong>\u00a0<em>Have you noticed any impact on Aipix\u2019s visibility since MWC?<\/em><\/p>\n\n\n\n<div style=\"height:38px\" aria-hidden=\"true\" class=\"wp-block-spacer\"><\/div>\n\n\n\n<p><strong>Sebastian:<\/strong>\u00a0<em>Definitely! Since the event, we\u2019ve seen a rise in leads and social media engagement. People are reaching out more, showing interest in Aipix and what we offer. MWC isn\u2019t just about displaying new tech\u2014it\u2019s about meaningful conversations that transform into business opportunities.<\/em><\/p>\n\n\n\n<div style=\"height:38px\" aria-hidden=\"true\" class=\"wp-block-spacer\"><\/div>\n\n\n\n<h2 class=\"wp-block-heading joli-heading jtoc-heading\" id=\"looking-ahead-aipixs-future-plans\">Looking Ahead: Aipix\u2019s Future Plans<\/h2>\n\n\n\n<div style=\"height:38px\" aria-hidden=\"true\" class=\"wp-block-spacer\"><\/div>\n\n\n\n<p>MWC 2025 was a game-changer for Aipix, reinforcing our position in the telecom sector and expanding our footprint in Latin America. With the growing demand for cloud-based video surveillance, our platform is uniquely positioned to help ISPs and telecom companies offer innovative security solutions to their customers. The connections and insights gained at MWC will fuel our next steps as we continue to drive innovation in the industry.<\/p>\n\n\n\n<div style=\"height:38px\" aria-hidden=\"true\" class=\"wp-block-spacer\"><\/div>\n\n\n\n<p>As we look ahead, our focus remains on building strong relationships, expanding into key markets, and enhancing our technology to meet the evolving needs of telecom operators. Aipix is more than just a <a href=\"https:\/\/aipix.ai\">VSaaS provider<\/a>\u2014we are partners in security, innovation, and growth.<\/p>\n\n\n\n<div style=\"height:38px\" aria-hidden=\"true\" class=\"wp-block-spacer\"><\/div>\n\n\n\n<p>Do you like Aipix at MWC 2025 interview? Stay tuned for more updates as we continue our journey toward transforming the video surveillance industry! <\/p>\n\n\n\n<div style=\"height:38px\" aria-hidden=\"true\" class=\"wp-block-spacer\"><\/div>\n\n\n\n<p class=\"has-text-align-center has-large-font-size\">Join us at the <a href=\"https:\/\/aipix.ai\/blog\/en\/aipix-leading-the-way-in-technology-and-industry-innovation-events\/\">future telecom events<\/a> to dive into the depths of Value-added services opportunities for telecom industry.<\/p>\n\n\n\n<div style=\"height:38px\" aria-hidden=\"true\" class=\"wp-block-spacer\"><\/div>\n\n\n\n<div class=\"wp-block-leadin-hubspot-form-block\">\n\t\t\t\t\t\t<script>\n\t\t\t\t\t\t\twindow.hsFormsOnReady = window.hsFormsOnReady || [];\n\t\t\t\t\t\t\twindow.hsFormsOnReady.push(()=>{\n\t\t\t\t\t\t\t\thbspt.forms.create({\n\t\t\t\t\t\t\t\t\tportalId: 26816904,\n\t\t\t\t\t\t\t\t\tformId: \"095071f9-0d28-4d7d-a38c-40bbe8037615\",\n\t\t\t\t\t\t\t\t\ttarget: \"#hbspt-form-1777471376000-7588336468\",\n\t\t\t\t\t\t\t\t\tregion: \"eu1\",\n\t\t\t\t\t\t\t\t\t\n\t\t\t\t\t\t\t})});\n\t\t\t\t\t\t<\/script>\n\t\t\t\t\t\t<div class=\"hbspt-form\" id=\"hbspt-form-1777471376000-7588336468\"><\/div><\/div>\n","protected":false},"excerpt":{"rendered":"<p>Join Sebasti\u00e1n Jim\u00e9nez, Regional Director for LATAM at Aipix, as he shares his experience attending MWC 2025 in Barcelona, exploring the latest in VSaaS innovation and telecom solutions. Dive into the full interview for key takeaways.<\/p>\n<div class=\"post-tags-on-image\" style=\"display:none;\"><a href=\"https:\/\/aipix.ai\/blog\/en\/tag\/global-telecommunication-events\/\" class=\"post-tag\">Global Telecommunication Events<\/a> <a href=\"https:\/\/aipix.ai\/blog\/en\/tag\/telecom\/\" class=\"post-tag\">Telecom<\/a> <a href=\"https:\/\/aipix.ai\/blog\/en\/tag\/telecom-events-news\/\" class=\"post-tag\">Telecom Events News<\/a> <\/div>","protected":false},"author":7,"featured_media":6135,"comment_status":"closed","ping_status":"open","sticky":false,"template":"","format":"standard","meta":{"content-type":"","footnotes":""},"categories":[48,76,71],"tags":[185,36,184,73],"class_list":{"0":"post-6134","1":"post","2":"type-post","3":"status-publish","4":"format-standard","5":"has-post-thumbnail","7":"category-blog","8":"category-events","9":"category-podcast","10":"tag-global-telecommunication-events","11":"tag-telecom","12":"tag-telecom-events-news","13":"tag-value-added-services"},"yoast_head":"<!-- This site is optimized with the Yoast SEO plugin v27.1.1 - https:\/\/yoast.com\/product\/yoast-seo-wordpress\/ -->\n<title>Aipix at MWC 2025: Interview with Sebasti\u00e1n Jim\u00e9nez | Blog | Aipix<\/title>\n<meta name=\"description\" content=\"Discover interview how Aipix and Sebasti\u00e1n Jim\u00e9nez are shaping the future of VSaaS at MWC 2025 with innovative business solutions for telcos\" \/>\n<meta name=\"robots\" content=\"index, follow, max-snippet:-1, max-image-preview:large, max-video-preview:-1\" \/>\n<link rel=\"canonical\" href=\"https:\/\/aipix.ai\/blog\/en\/aipix-at-mwc-2025-in-interview-insights-networking-and-the-future-of-vsaas\/\" \/>\n<meta property=\"og:locale\" content=\"en_US\" \/>\n<meta property=\"og:type\" content=\"article\" \/>\n<meta property=\"og:title\" content=\"Aipix at MWC 2025: Interview with Sebasti\u00e1n Jim\u00e9nez | Blog | Aipix\" \/>\n<meta property=\"og:description\" content=\"Discover interview how Aipix and Sebasti\u00e1n Jim\u00e9nez are shaping the future of VSaaS at MWC 2025 with innovative business solutions for telcos\" \/>\n<meta property=\"og:url\" content=\"https:\/\/aipix.ai\/blog\/en\/aipix-at-mwc-2025-in-interview-insights-networking-and-the-future-of-vsaas\/\" \/>\n<meta property=\"og:site_name\" content=\"aipix.ai\" \/>\n<meta property=\"article:publisher\" content=\"https:\/\/www.facebook.com\/aipix.platform\" \/>\n<meta property=\"article:author\" content=\"https:\/\/www.linkedin.com\/in\/sebastianjpg\/\" \/>\n<meta property=\"article:published_time\" content=\"2025-03-17T20:20:12+00:00\" \/>\n<meta property=\"article:modified_time\" content=\"2025-12-20T13:05:54+00:00\" \/>\n<meta property=\"og:image\" content=\"https:\/\/aipix.ai\/blog\/wp-content\/uploads\/2025\/03\/MWC2025_aipix_interview.webp\" \/>\n\t<meta property=\"og:image:width\" content=\"1600\" \/>\n\t<meta property=\"og:image:height\" content=\"900\" \/>\n\t<meta property=\"og:image:type\" content=\"image\/webp\" \/>\n<meta name=\"author\" content=\"Sebastian Jimenez\" \/>\n<meta name=\"twitter:card\" content=\"summary_large_image\" \/>\n<meta name=\"twitter:label1\" content=\"Written by\" \/>\n\t<meta name=\"twitter:data1\" content=\"Sebastian Jimenez\" \/>\n\t<meta name=\"twitter:label2\" content=\"Est. reading time\" \/>\n\t<meta name=\"twitter:data2\" content=\"5 minutes\" \/>\n<!-- \/ Yoast SEO plugin. -->","yoast_head_json":{"title":"Aipix at MWC 2025: Interview with Sebasti\u00e1n Jim\u00e9nez | Blog | Aipix","description":"Discover interview how Aipix and Sebasti\u00e1n Jim\u00e9nez are shaping the future of VSaaS at MWC 2025 with innovative business solutions for telcos","robots":{"index":"index","follow":"follow","max-snippet":"max-snippet:-1","max-image-preview":"max-image-preview:large","max-video-preview":"max-video-preview:-1"},"canonical":"https:\/\/aipix.ai\/blog\/en\/aipix-at-mwc-2025-in-interview-insights-networking-and-the-future-of-vsaas\/","og_locale":"en_US","og_type":"article","og_title":"Aipix at MWC 2025: Interview with Sebasti\u00e1n Jim\u00e9nez | Blog | Aipix","og_description":"Discover interview how Aipix and Sebasti\u00e1n Jim\u00e9nez are shaping the future of VSaaS at MWC 2025 with innovative business solutions for telcos","og_url":"https:\/\/aipix.ai\/blog\/en\/aipix-at-mwc-2025-in-interview-insights-networking-and-the-future-of-vsaas\/","og_site_name":"aipix.ai","article_publisher":"https:\/\/www.facebook.com\/aipix.platform","article_author":"https:\/\/www.linkedin.com\/in\/sebastianjpg\/","article_published_time":"2025-03-17T20:20:12+00:00","article_modified_time":"2025-12-20T13:05:54+00:00","og_image":[{"width":1600,"height":900,"url":"https:\/\/aipix.ai\/blog\/wp-content\/uploads\/2025\/03\/MWC2025_aipix_interview.webp","type":"image\/webp"}],"author":"Sebastian Jimenez","twitter_card":"summary_large_image","twitter_misc":{"Written by":"Sebastian Jimenez","Est. reading time":"5 minutes"},"schema":{"@context":"https:\/\/schema.org","@graph":[{"@type":"Article","@id":"https:\/\/aipix.ai\/blog\/aipix-at-mwc-2025-in-interview-insights-networking-and-the-future-of-vsaas\/#article","isPartOf":{"@id":"https:\/\/aipix.ai\/blog\/aipix-at-mwc-2025-in-interview-insights-networking-and-the-future-of-vsaas\/"},"author":{"name":"Sebastian Jimenez","@id":"https:\/\/aipix.ai\/blog\/es\/#\/schema\/person\/b3d499b4af9b95fa7312a68b37b9e779"},"headline":"Aipix at MWC 2025 in Interview: Insights, Networking, and the Future of VSaaS","datePublished":"2025-03-17T20:20:12+00:00","dateModified":"2025-12-20T13:05:54+00:00","mainEntityOfPage":{"@id":"https:\/\/aipix.ai\/blog\/aipix-at-mwc-2025-in-interview-insights-networking-and-the-future-of-vsaas\/"},"wordCount":927,"image":{"@id":"https:\/\/aipix.ai\/blog\/aipix-at-mwc-2025-in-interview-insights-networking-and-the-future-of-vsaas\/#primaryimage"},"thumbnailUrl":"https:\/\/aipix.ai\/blog\/wp-content\/uploads\/2025\/03\/MWC2025_aipix_interview.webp","keywords":["Global Telecommunication Events","Telecom","Telecom Events News","Value-Added Services"],"articleSection":["Blog","Events","Podcast"],"inLanguage":"en-US"},{"@type":"WebPage","@id":"https:\/\/aipix.ai\/blog\/aipix-at-mwc-2025-in-interview-insights-networking-and-the-future-of-vsaas\/","url":"https:\/\/aipix.ai\/blog\/aipix-at-mwc-2025-in-interview-insights-networking-and-the-future-of-vsaas\/","name":"Aipix at MWC 2025: Interview with Sebasti\u00e1n Jim\u00e9nez | Blog | Aipix","isPartOf":{"@id":"https:\/\/aipix.ai\/blog\/es\/#website"},"primaryImageOfPage":{"@id":"https:\/\/aipix.ai\/blog\/aipix-at-mwc-2025-in-interview-insights-networking-and-the-future-of-vsaas\/#primaryimage"},"image":{"@id":"https:\/\/aipix.ai\/blog\/aipix-at-mwc-2025-in-interview-insights-networking-and-the-future-of-vsaas\/#primaryimage"},"thumbnailUrl":"https:\/\/aipix.ai\/blog\/wp-content\/uploads\/2025\/03\/MWC2025_aipix_interview.webp","datePublished":"2025-03-17T20:20:12+00:00","dateModified":"2025-12-20T13:05:54+00:00","author":{"@id":"https:\/\/aipix.ai\/blog\/es\/#\/schema\/person\/b3d499b4af9b95fa7312a68b37b9e779"},"description":"Discover interview how Aipix and Sebasti\u00e1n Jim\u00e9nez are shaping the future of VSaaS at MWC 2025 with innovative business solutions for telcos","breadcrumb":{"@id":"https:\/\/aipix.ai\/blog\/aipix-at-mwc-2025-in-interview-insights-networking-and-the-future-of-vsaas\/#breadcrumb"},"inLanguage":"en-US","potentialAction":[{"@type":"ReadAction","target":["https:\/\/aipix.ai\/blog\/aipix-at-mwc-2025-in-interview-insights-networking-and-the-future-of-vsaas\/"]}]},{"@type":"ImageObject","inLanguage":"en-US","@id":"https:\/\/aipix.ai\/blog\/aipix-at-mwc-2025-in-interview-insights-networking-and-the-future-of-vsaas\/#primaryimage","url":"https:\/\/aipix.ai\/blog\/wp-content\/uploads\/2025\/03\/MWC2025_aipix_interview.webp","contentUrl":"https:\/\/aipix.ai\/blog\/wp-content\/uploads\/2025\/03\/MWC2025_aipix_interview.webp","width":1600,"height":900,"caption":"MWC2025 aipix interview"},{"@type":"BreadcrumbList","@id":"https:\/\/aipix.ai\/blog\/aipix-at-mwc-2025-in-interview-insights-networking-and-the-future-of-vsaas\/#breadcrumb","itemListElement":[{"@type":"ListItem","position":1,"name":"Home","item":"https:\/\/aipix.ai\/blog\/"},{"@type":"ListItem","position":2,"name":"Aipix at MWC 2025 in Interview: Insights, Networking, and the Future of VSaaS"}]},{"@type":"WebSite","@id":"https:\/\/aipix.ai\/blog\/es\/#website","url":"https:\/\/aipix.ai\/blog\/es\/","name":"aipix.ai","description":"","potentialAction":[{"@type":"SearchAction","target":{"@type":"EntryPoint","urlTemplate":"https:\/\/aipix.ai\/blog\/es\/?s={search_term_string}"},"query-input":{"@type":"PropertyValueSpecification","valueRequired":true,"valueName":"search_term_string"}}],"inLanguage":"en-US"},{"@type":"Person","@id":"https:\/\/aipix.ai\/blog\/es\/#\/schema\/person\/b3d499b4af9b95fa7312a68b37b9e779","name":"Sebastian Jimenez","image":{"@type":"ImageObject","inLanguage":"en-US","@id":"https:\/\/aipix.ai\/blog\/es\/#\/schema\/person\/image\/","url":"https:\/\/aipix.ai\/blog\/wp-content\/litespeed\/avatar\/7e30276393d043fd742d0cdcd2bd4fde.jpg?ver=1777470924","contentUrl":"https:\/\/aipix.ai\/blog\/wp-content\/litespeed\/avatar\/7e30276393d043fd742d0cdcd2bd4fde.jpg?ver=1777470924","caption":"Sebastian Jimenez"},"description":"Sebastian Jiminez is the LATAM Business Developer at Aipix, specializing in VSaaS solutions, security technologies, and business development across Latin America. With extensive experience in key markets such as Chile, Brazil, Argentina, and beyond, Sebastian drives strategic growth by helping telecom and security companies implement advanced video surveillance and cloud-based services. His deep knowledge of the regional market dynamics enables him to build strong partnerships and deliver tailored solutions that meet the evolving demands of Latin America\u2019s telecom and security sectors. Passionate about innovation, Sebastian bridges technology and business, accelerating digital transformation and boosting revenue for clients throughout the region.","sameAs":["https:\/\/aipix.ai\/","https:\/\/www.linkedin.com\/in\/sebastianjpg\/"],"url":"https:\/\/aipix.ai\/blog\/en\/author\/sebastian\/"}]}},"_links":{"self":[{"href":"https:\/\/aipix.ai\/blog\/en\/wp-json\/wp\/v2\/posts\/6134","targetHints":{"allow":["GET"]}}],"collection":[{"href":"https:\/\/aipix.ai\/blog\/en\/wp-json\/wp\/v2\/posts"}],"about":[{"href":"https:\/\/aipix.ai\/blog\/en\/wp-json\/wp\/v2\/types\/post"}],"author":[{"embeddable":true,"href":"https:\/\/aipix.ai\/blog\/en\/wp-json\/wp\/v2\/users\/7"}],"replies":[{"embeddable":true,"href":"https:\/\/aipix.ai\/blog\/en\/wp-json\/wp\/v2\/comments?post=6134"}],"version-history":[{"count":8,"href":"https:\/\/aipix.ai\/blog\/en\/wp-json\/wp\/v2\/posts\/6134\/revisions"}],"predecessor-version":[{"id":10338,"href":"https:\/\/aipix.ai\/blog\/en\/wp-json\/wp\/v2\/posts\/6134\/revisions\/10338"}],"wp:featuredmedia":[{"embeddable":true,"href":"https:\/\/aipix.ai\/blog\/en\/wp-json\/wp\/v2\/media\/6135"}],"wp:attachment":[{"href":"https:\/\/aipix.ai\/blog\/en\/wp-json\/wp\/v2\/media?parent=6134"}],"wp:term":[{"taxonomy":"category","embeddable":true,"href":"https:\/\/aipix.ai\/blog\/en\/wp-json\/wp\/v2\/categories?post=6134"},{"taxonomy":"post_tag","embeddable":true,"href":"https:\/\/aipix.ai\/blog\/en\/wp-json\/wp\/v2\/tags?post=6134"}],"curies":[{"name":"wp","href":"https:\/\/api.w.org\/{rel}","templated":true}]}}